{"id":2370,"date":"2020-05-11T17:51:40","date_gmt":"2020-05-11T17:51:40","guid":{"rendered":"http:\/\/www.wcbidety2v1.cz\/?p=2370"},"modified":"2020-05-11T17:59:47","modified_gmt":"2020-05-11T17:59:47","slug":"osobni-hygiena","status":"publish","type":"post","link":"https:\/\/www.wcbidety2v1.cz\/index.php\/2020\/05\/11\/osobni-hygiena\/","title":{"rendered":"OSOBN\u00cd HYGIENA"},"content":{"rendered":"\n\n\n[et_pb_section fb_built=&#8220;1&#8243; _builder_version=&#8220;4.2.2&#8243;][et_pb_row _builder_version=&#8220;4.2.2&#8243;][et_pb_column _builder_version=&#8220;4.2.2&#8243; type=&#8220;4_4&#8243;][et_pb_text _builder_version=&#8220;4.2.2&#8243; hover_enabled=&#8220;0&#8243;]<p align=\"justify\"><b><span face=\"Arial\" size=\"5\" style=\"font-family: Arial; font-size: x-large;\">Na\u0161\u00edm kr\u00e9dem je zv\u00fd\u0161en\u00ed \u00farovn\u011b osobn\u00ed hygieny.<\/span><\/b><\/p>\n<p align=\"justify\"><b><span face=\"Arial\" style=\"font-family: Arial;\">\u00a0<\/span><\/b><\/p>\n<p align=\"justify\"><span face=\"Arial\" style=\"font-family: Arial;\"><b>Nebo\u0165 mnoho z n\u00e1s \u017eije v bytech \u010di domech, kde je mal\u00e1 koupelna<\/b>, nen\u00ed podstatn\u00e9 zda t\u00edm domem je panel\u00e1k, bytovka nebo i rodinn\u00fd d\u016fm\u2026 kolem 70% lid\u00ed v \u010cesk\u00e9 republice nem\u00e1 ve st\u00e1vaj\u00edc\u00edm byt\u011b m\u00edsto pro bidet. Mnoh\u00fdm z n\u00e1s tak n\u011bjak ani nechyb\u00ed, nebo\u0165 jsme u\u017e od mali\u010dka zvykl\u00ed na \u201esuchou\u201c o\u010distu po pou\u017eit\u00ed z\u00e1chodu.\u00a0<\/span><\/p>\n<p align=\"justify\"><span face=\"Arial\" style=\"font-family: Arial;\">R\u016fzn\u00e9 generace maj\u00ed r\u016fzn\u00e9 priority a n\u00e1sledn\u011b i d\u016fvody, pro\u010d za\u010d\u00ednaj\u00ed p\u0159em\u00fd\u0161let o pou\u017e\u00edv\u00e1n\u00ed bidetu.<\/span><\/p>\n<p align=\"justify\"><span face=\"Arial\" style=\"font-family: Arial;\">Nejmarkantn\u011bj\u0161\u00ed z\u00e1jem projevuje v\u011bkov\u00e1 skupina 40+\u2026kdy mo\u017en\u00e1 za\u010d\u00edn\u00e1me v\u00edce db\u00e1t na zdrav\u00ed, uv\u011bdomujeme si, \u017ee nic nen\u00ed zadarmo a \u017ee o to sv\u00e9 t\u011blo mus\u00edme \u010d\u00edm d\u00e1l t\u00edm pe\u010dliv\u011bji pe\u010dovat, abychom p\u0159ede\u0161li r\u016fzn\u00fdm zdravotn\u00edm probl\u00e9m\u016fm, kter\u00e9 by n\u00e1s ve dvaceti ani nenapadly.<\/span><\/p>\n<p><span><span face=\"Arial\" style=\"font-family: Arial;\">\u00a0\u00a0\u00a0 Na druhou stranu mlad\u0161\u00ed generace si jist\u011b neuv\u011bdomuje zdravotn\u00ed p\u0159\u00ednosy, ale zase je otev\u0159en\u011bj\u0161\u00ed nov\u00fdm my\u0161lenk\u00e1m a v\u00fdrazn\u00fd tlak spole\u010dnosti na zvy\u0161ov\u00e1n\u00ed \u00farovn\u011b osobn\u00ed hygieny a mo\u017en\u00e1 i my\u0161lenky na erotiku a sex appeal\u2026 n\u00e1s v\u0161echny nav\u00e1d\u00ed k v\u011bt\u0161\u00ed p\u00e9\u010di. Dnes je samoz\u0159ejmost\u00ed holen\u00ed, pou\u017e\u00edv\u00e1n\u00ed speci\u00e1ln\u00edch intimn\u00edch myc\u00edch gel\u016f, \u010dast\u011bj\u0161\u00ed sprchov\u00e1n\u00ed, pou\u017e\u00edv\u00e1n\u00ed antiperspirant\u016f apod. Star\u0161\u00ed generace mi tady d\u00e1 jist\u011b za pravdu, \u017ee je\u0161t\u011b p\u0159ed p\u00e1r lety tomu tak nebylo. To, co dnes bereme jako samoz\u0159ejmost, bylo d\u0159\u00edve sp\u00ed\u0161e jen v\u00fdjimkou.<\/span><\/span><\/p>\n<p align=\"justify\"><span face=\"Arial\" style=\"font-family: Arial;\">Na sv\u00fdch cest\u00e1ch jsem poznala, \u017ee jsou zem\u011b, kter\u00e9 jsou v tomto ohledu na daleko vy\u0161\u0161\u00ed \u00farovni. Pokud budu mluvit pr\u00e1v\u011b o mokr\u00e9 o\u010dist\u011b intimn\u00edch parti\u00ed \u2013 v zem\u00edch, kde jsou bidety \u010di kombinace WC+bidetu masov\u011b roz\u0161\u00ed\u0159en\u00e9 \u2013 si lid\u00e9 neum\u00ed v\u016fbec p\u0159edstavit, \u017ee by m\u011bli pou\u017e\u00edvat pouze toaletn\u00ed pap\u00edr. My bychom se dnes asi tak\u00e9 pozastavili, kdyby nap\u0159\u00edklad v reklam\u011b na parf\u00e9m v televizi kr\u00e1sn\u00e1 \u0161t\u00edhl\u00e1 modelka zvedla ruku a nem\u011bla oholen\u00e9 podpa\u017e\u00ed\u2026 Je to ot\u00e1zka zvyku.\u00a0<\/span><\/p>\n<p align=\"justify\"><span face=\"Arial\" style=\"font-family: Arial;\">Diskutovala jsem tuto ot\u00e1zku s mnoha l\u00e9ka\u0159i \u2013 praktick\u00fdmi a \u017eensk\u00fdmi tak\u00e9 i s l\u00e9\u010diteli \u2013 \u010desk\u00fdmi i nap\u0159. \u010d\u00ednsk\u00fdmi. V\u0161ichni z nich odsouhlasili, \u017ee mokr\u00e1 o\u010dista po pou\u017eit\u00ed toalety je prosp\u011b\u0161n\u00e1 ve v\u0161ech ohledech.<\/span><\/p>\n<p align=\"justify\"><span face=\"Arial\" style=\"font-family: Arial;\">\u00a0<\/span><\/p>\n<h2><strong><span face=\"Arial\" size=\"3\" style=\"font-family: Arial; font-size: medium;\">KOMBINACE WC+BIDETU 2V1<\/span><\/strong><\/h2>\n<div><strong><span face=\"Arial\" size=\"3\" style=\"font-family: Arial; font-size: medium;\">\u00a0<\/span><\/strong><\/div>\n<p><span face=\"Arial\" style=\"font-family: Arial;\">Tento produkt je pr\u00e1v\u011b ide\u00e1ln\u00edm \u0159e\u0161en\u00edm pro v\u0161echny z n\u00e1s, kte\u0159\u00ed pro klasick\u00fd bidet nem\u00e1me ve sv\u00e9 koupeln\u011b m\u00edsto. Funkci o\u010disty intimn\u00edch parti\u00ed spln\u00ed bezvadn\u011b, nav\u00edc nemus\u00edte p\u0159esedat z m\u00edsy na m\u00edsu \u010di \u0161\u00e1trat po spr\u0161e, p\u0159em\u00fd\u0161let, jestli nenac\u00e1k\u00e1te v\u00edce vody na zem ne\u017e na sebe apod.<\/span><\/p>\n<p><span face=\"Arial\" style=\"font-family: Arial;\">\u00a0<\/span><\/p>\n<p align=\"justify\"><span face=\"Arial\" style=\"font-family: Arial;\"><b>Na\u0161\u00edm c\u00edlem je, aby tento produkt byl dostupn\u00fd ka\u017ed\u00e9mu z v\u00e1s.<\/b><\/span><span>\u00a0<\/span><\/p>\n<p align=\"justify\"><span>\u00a0<\/span><\/p>\n<p align=\"justify\"><span>Proto jsme na\u0161li v\u00fdrobce \u2013 kter\u00fd m\u00e1 v nab\u00eddce wc+bidety 2v1 od standardn\u00edch po modern\u00ed designov\u00e9, dokonce i kr\u00e1sn\u00e9 zdoben\u00e9, malovan\u00e9 \u010di zlacen\u00e9, v retro designu, speci\u00e1ln\u00ed pro hendikepovan\u00e9 \u010di d\u011bti a samoz\u0159ejm\u011b i v cel\u00fdch kolekc\u00edch s ostatn\u00edmi za\u0159izovac\u00edmi p\u0159edm\u011bty i koupelnov\u00fdm n\u00e1bytkem, pro ty, kte\u0159\u00ed se rozhodli p\u0159i stavb\u011b \u010di rekonstrukci koupelny vytvo\u0159it designov\u011b lad\u00edc\u00ed celek.<\/span><\/p>\n<p align=\"justify\"><span>\u00a0<\/span><\/p>\n<p align=\"justify\"><span face=\"Arial\" style=\"font-family: Arial;\">V\u0161em, kte\u0159\u00ed sp\u00ed\u0161e hled\u00ed na praktickou str\u00e1nku v\u011bci a necht\u011bj\u00ed zbyte\u010dn\u011b utr\u00e1cet, chceme nab\u00eddnout na\u0161e\u00a0<b><a href=\"http:\/\/www.archadie.cz\/wc-bidet-ceny-akce.htm\" target=\"_blank\" rel=\"noopener noreferrer\">ak\u010dn\u00ed ceny<\/a>\u00a0<\/b>cenov\u011b srovnateln\u00e9 s podobnou nab\u00eddkou klasick\u00fdch wc m\u00eds jin\u00fdch v\u00fdrobc\u016f. Dr\u017e\u00edme se hesla:\u00a0<\/span><\/p>\n<p align=\"justify\"><span face=\"Arial\" style=\"font-family: Arial;\">\u00a0<\/span><\/p>\n<p align=\"justify\"><b><span face=\"Arial\" style=\"font-family: Arial;\">Zvy\u0161ujeme \u00farove\u0148 va\u0161\u00ed osobn\u00ed hygieny, nezvy\u0161ujeme cenu za ni!<\/span><\/b><\/p>\n<p align=\"justify\"><b><span face=\"Arial\" style=\"font-family: Arial;\">\u00a0<\/span><\/b><\/p>\n<p align=\"justify\"><span face=\"Arial\" style=\"font-family: Arial;\">N\u00e1ro\u010dn\u011bj\u0161\u00edm z v\u00e1s m\u016f\u017eeme nab\u00eddnout asi 50 typ\u016f r\u016fzn\u00fdch design\u016f \u2013 z\u00e1v\u011bsn\u00fdch wc, samostatn\u011b stoj\u00edc\u00edch \u010di kombi wc ve variant\u00e1ch s odpadem do st\u011bny i do zem\u011b.<\/span><\/p>\n<p align=\"justify\"><span face=\"Arial\" style=\"font-family: Arial;\">Produkty, kter\u00e9 m\u00e1me skladem, najdete podrobn\u011b pops\u00e1ny\u00a0<b><a href=\"http:\/\/www.archadie.cz\/wc-bidet-produkty.htm\" target=\"_blank\" rel=\"noopener noreferrer\">v odkazu produkty<\/a>.<\/b><b><\/p>\n<p><\/b><\/span><\/p>\n<p align=\"justify\"><span face=\"Arial\" style=\"font-family: Arial;\">Nakonec bych je\u0161t\u011b v kr\u00e1tkosti zm\u00ednila v\u00fdhody, kter\u00e9 KOMBINACE WC+BIDETU 2v1 m\u00e1 oproti jin\u00fdm v\u00fdrobk\u016fm.<\/span><\/p>\n<p align=\"justify\"><span face=\"Arial\" style=\"font-family: Arial;\">\u00a0<\/span><\/p>\n<h2><span face=\"Arial\" size=\"3\" color=\"#cc0000\" style=\"color: #cc0000; font-family: Arial; font-size: medium;\">KOMBINACE WC+BIDETU 2V1 VERSUS KLASICK\u00dd SAMOSTATN\u00dd BIDET<\/span><\/h2>\n<ul>\n<li>\n<p align=\"justify\"><span face=\"Arial\" style=\"font-family: Arial;\">Tady jasn\u011b vede \u00faspora m\u00edsta i pen\u011bz<\/span><\/p>\n<\/li>\n<li>\n<p align=\"justify\"><span face=\"Arial\" style=\"font-family: Arial;\">Nemus\u00edte se p\u0159emis\u0165ovat \u2013 o tomto bodu se tak\u00e9 v\u00edce p\u00ed\u0161e v \u010dl\u00e1nku o p\u00e9\u010di o t\u011blesn\u011b posti\u017een\u00e9 a seniory<\/span><\/p>\n<\/li>\n<li>\n<p align=\"justify\"><span face=\"Arial\" style=\"font-family: Arial;\">T\u011bm, kte\u0159\u00ed maj\u00ed to \u0161t\u011bst\u00ed a maj\u00ed koupelnu, kam se jim bidet vejde, jist\u011b m\u016f\u017eeme doporu\u010dit po\u0159\u00edzen\u00ed kombinace wc+bidetu 2v1 pro jejich druh\u00fd z\u00e1chod\u2026nebo\u0165 mi jist\u011b daj\u00ed za pravdu, \u017ee pokud jsou na bidet zvykl\u00ed, na \u201eoby\u010dejn\u00e9m\u201c z\u00e1chod\u011b jim chyb\u00ed<\/span><\/p>\n<\/li>\n<\/ul>\n<h2><span face=\"Arial\" size=\"3\" color=\"#cc0000\" style=\"color: #cc0000; font-family: Arial; font-size: medium;\">KOMBINACE WC+BIDETU 2V1 VERSUS BIDETOV\u00c1 SPR\u0160KA \u010cI SPRCHA<\/span><\/h2>\n<ul>\n<li>\n<p align=\"justify\"><span face=\"Arial\" style=\"font-family: Arial;\">Jasnou v\u00fdhodou je minim\u00e1ln\u00ed poruchovost \u2013 tryska zabudovan\u00e1 v keramice je nejspolehliv\u011bj\u0161\u00ed \u0159e\u0161en\u00ed\u2026nem\u016f\u017ee nikde prasknout hadice apod\u2026<\/span><\/p>\n<\/li>\n<li>\n<p align=\"justify\"><span face=\"Arial\" style=\"font-family: Arial;\">M\u00e1te ob\u011b ruce voln\u00e9 k manipulaci<\/span><\/p>\n<\/li>\n<li>\n<p align=\"justify\"><span face=\"Arial\" style=\"font-family: Arial;\">Nenac\u00e1k\u00e1te vodu nikam kolem<\/span><\/p>\n<\/li>\n<li>\n<p align=\"justify\"><span face=\"Arial\" style=\"font-family: Arial;\">Cenov\u011b v\u00fdhodn\u011bj\u0161\u00ed<\/span><\/p>\n<\/li>\n<\/ul>\n<h2><span face=\"Arial\" size=\"3\" color=\"#cc0000\" style=\"color: #cc0000; font-family: Arial; font-size: medium;\">KOMBINACE WC+BIDETU 2V1 VERSUS BIDETOV\u00c9 SED\u00c1TKO<\/span><\/h2>\n<ul>\n<li>\n<p align=\"justify\"><span face=\"Arial\" style=\"font-family: Arial;\">Nejv\u011bt\u0161\u00ed v\u00fdhodou je op\u011bt minim\u00e1ln\u00ed riziko zni\u010den\u00ed\u2026 oproti zejm\u00e9na celoplastov\u00fdm sed\u00e1tk\u016fm, kde hroz\u00ed rozlomen\u00ed \u010di poprask\u00e1n\u00ed je kombinace wc+bidetu 2v1 skoro nezni\u010diteln\u00e1\u2026kdy\u017e u\u017e se n\u011bco stane s tryskou (nap\u0159. se ucpe d\u00edky vodn\u00edmu kameni) jej\u00ed vym\u011bn\u011bn\u00ed je jednoduch\u00e9 a stoj\u00ed p\u00e1r korun\u2026<\/span><\/p>\n<\/li>\n<li>\n<p align=\"justify\"><span face=\"Arial\" style=\"font-family: Arial;\">Elegance a design \u2013 oproti t\u011bmto bidetov\u00fdm sed\u00e1tk\u016fm, kter\u00e9 v\u011bt\u0161inou pasuj\u00ed pouze na n\u011bkter\u00e9 ov\u00e1ln\u00e9 typy WC m\u00eds\u2026 u na\u0161\u00ed kombinace se nemus\u00edte vzd\u00e1t sv\u00fdch n\u00e1rok\u016f na design a m\u016f\u017eete si dop\u0159\u00e1t tento komfort nap\u0159. na hranat\u00e9m \u010di \u201evaj\u00ed\u010dkov\u00e9m\u201c tvaru wc m\u00edsy\u2026sladit v\u0161e do jedn\u00e9 kolekce apod.<\/span><\/p>\n<\/li>\n<li>\n<p align=\"justify\"><span face=\"Arial\" style=\"font-family: Arial;\">Jednoduch\u00e9 \u0159e\u0161en\u00ed na\u0161\u00ed kombinace, kter\u00e9 neobsahuje \u017e\u00e1dnou slo\u017eitou elektroniku, je op\u011bt minim\u00e1ln\u011b rizikov\u00e9 na jakoukoli poruchu<\/span><\/p>\n<\/li>\n<li>\n<p align=\"justify\"><span face=\"Arial\" style=\"font-family: Arial;\">V neposledn\u00ed \u0159ad\u011b op\u011bt cena\u2026za cenu sed\u00e1tka u n\u00e1s koup\u00edte celou kombinaci i s wc m\u00edsou<\/span><\/p>\n<\/li>\n<\/ul>\n[\/et_pb_text][\/et_pb_column][\/et_pb_row][\/et_pb_section]\n\n\n","protected":false},"excerpt":{"rendered":"<p>Na\u0161\u00edm kr\u00e9dem je zv\u00fd\u0161en\u00ed \u00farovn\u011b osobn\u00ed hygieny. \u00a0 Nebo\u0165 mnoho z n\u00e1s \u017eije v bytech \u010di domech, kde je mal\u00e1 koupelna, nen\u00ed podstatn\u00e9 zda t\u00edm domem je panel\u00e1k, bytovka nebo i rodinn\u00fd d\u016fm\u2026 kolem 70% lid\u00ed v \u010cesk\u00e9 republice nem\u00e1 ve st\u00e1vaj\u00edc\u00edm byt\u011b m\u00edsto pro bidet. Mnoh\u00fdm z n\u00e1s tak n\u011bjak ani nechyb\u00ed, nebo\u0165 jsme [&hellip;]<\/p>\n","protected":false},"author":1,"featured_media":0,"comment_status":"open","ping_status":"open","sticky":false,"template":"","format":"standard","meta":{"_et_pb_use_builder":"on","_et_pb_old_content":"","_et_gb_content_width":"2880","jetpack_post_was_ever_published":false,"_jetpack_newsletter_access":"","_jetpack_dont_email_post_to_subs":false,"_jetpack_newsletter_tier_id":0,"_jetpack_memberships_contains_paywalled_content":false,"_jetpack_memberships_contains_paid_content":false,"footnotes":"","jetpack_publicize_message":"","jetpack_publicize_feature_enabled":true,"jetpack_social_post_already_shared":true,"jetpack_social_options":{"image_generator_settings":{"template":"highway","default_image_id":0,"font":"","enabled":false},"version":2}},"categories":[41],"tags":[],"class_list":["post-2370","post","type-post","status-publish","format-standard","hentry","category-blog"],"yoast_head":"<!-- This site is optimized with the Yoast SEO plugin v27.5 - https:\/\/yoast.com\/product\/yoast-seo-wordpress\/ -->\n<title>OSOBN\u00cd HYGIENA - WC bidety 2v1<\/title>\n<meta name=\"robots\" content=\"index, follow, max-snippet:-1, max-image-preview:large, max-video-preview:-1\" \/>\n<link rel=\"canonical\" href=\"https:\/\/www.wcbidety2v1.cz\/index.php\/2020\/05\/11\/osobni-hygiena\/\" \/>\n<meta property=\"og:locale\" content=\"cs_CZ\" \/>\n<meta property=\"og:type\" content=\"article\" \/>\n<meta property=\"og:title\" content=\"OSOBN\u00cd HYGIENA - WC bidety 2v1\" \/>\n<meta property=\"og:description\" content=\"Na\u0161\u00edm kr\u00e9dem je zv\u00fd\u0161en\u00ed \u00farovn\u011b osobn\u00ed hygieny. \u00a0 Nebo\u0165 mnoho z n\u00e1s \u017eije v bytech \u010di domech, kde je mal\u00e1 koupelna, nen\u00ed podstatn\u00e9 zda t\u00edm domem je panel\u00e1k, bytovka nebo i rodinn\u00fd d\u016fm\u2026 kolem 70% lid\u00ed v \u010cesk\u00e9 republice nem\u00e1 ve st\u00e1vaj\u00edc\u00edm byt\u011b m\u00edsto pro bidet. Mnoh\u00fdm z n\u00e1s tak n\u011bjak ani nechyb\u00ed, nebo\u0165 jsme [&hellip;]\" \/>\n<meta property=\"og:url\" content=\"https:\/\/www.wcbidety2v1.cz\/index.php\/2020\/05\/11\/osobni-hygiena\/\" \/>\n<meta property=\"og:site_name\" content=\"WC bidety 2v1\" \/>\n<meta property=\"article:publisher\" content=\"https:\/\/www.facebook.com\/WC-bidety-2v1-105518807832290\/?modal=admin_todo_tour\" \/>\n<meta property=\"article:published_time\" content=\"2020-05-11T17:51:40+00:00\" \/>\n<meta property=\"article:modified_time\" content=\"2020-05-11T17:59:47+00:00\" \/>\n<meta name=\"author\" content=\"wcbidety2v\" \/>\n<meta name=\"twitter:card\" content=\"summary_large_image\" \/>\n<meta name=\"twitter:label1\" content=\"Napsal(a)\" \/>\n\t<meta name=\"twitter:data1\" content=\"wcbidety2v\" \/>\n\t<meta name=\"twitter:label2\" content=\"Odhadovan\u00e1 doba \u010dten\u00ed\" \/>\n\t<meta name=\"twitter:data2\" content=\"5 minut\" \/>\n<script type=\"application\/ld+json\" class=\"yoast-schema-graph\">{\"@context\":\"https:\\\/\\\/schema.org\",\"@graph\":[{\"@type\":\"Article\",\"@id\":\"https:\\\/\\\/www.wcbidety2v1.cz\\\/index.php\\\/2020\\\/05\\\/11\\\/osobni-hygiena\\\/#article\",\"isPartOf\":{\"@id\":\"https:\\\/\\\/www.wcbidety2v1.cz\\\/index.php\\\/2020\\\/05\\\/11\\\/osobni-hygiena\\\/\"},\"author\":{\"name\":\"wcbidety2v\",\"@id\":\"https:\\\/\\\/www.wcbidety2v1.cz\\\/#\\\/schema\\\/person\\\/e9ebc6eac57c81aca9a5ad4aaf727e0f\"},\"headline\":\"OSOBN\u00cd HYGIENA\",\"datePublished\":\"2020-05-11T17:51:40+00:00\",\"dateModified\":\"2020-05-11T17:59:47+00:00\",\"mainEntityOfPage\":{\"@id\":\"https:\\\/\\\/www.wcbidety2v1.cz\\\/index.php\\\/2020\\\/05\\\/11\\\/osobni-hygiena\\\/\"},\"wordCount\":1091,\"commentCount\":0,\"publisher\":{\"@id\":\"https:\\\/\\\/www.wcbidety2v1.cz\\\/#organization\"},\"articleSection\":[\"Blog\"],\"inLanguage\":\"cs\",\"potentialAction\":[{\"@type\":\"CommentAction\",\"name\":\"Comment\",\"target\":[\"https:\\\/\\\/www.wcbidety2v1.cz\\\/index.php\\\/2020\\\/05\\\/11\\\/osobni-hygiena\\\/#respond\"]}]},{\"@type\":\"WebPage\",\"@id\":\"https:\\\/\\\/www.wcbidety2v1.cz\\\/index.php\\\/2020\\\/05\\\/11\\\/osobni-hygiena\\\/\",\"url\":\"https:\\\/\\\/www.wcbidety2v1.cz\\\/index.php\\\/2020\\\/05\\\/11\\\/osobni-hygiena\\\/\",\"name\":\"OSOBN\u00cd HYGIENA - WC bidety 2v1\",\"isPartOf\":{\"@id\":\"https:\\\/\\\/www.wcbidety2v1.cz\\\/#website\"},\"datePublished\":\"2020-05-11T17:51:40+00:00\",\"dateModified\":\"2020-05-11T17:59:47+00:00\",\"breadcrumb\":{\"@id\":\"https:\\\/\\\/www.wcbidety2v1.cz\\\/index.php\\\/2020\\\/05\\\/11\\\/osobni-hygiena\\\/#breadcrumb\"},\"inLanguage\":\"cs\",\"potentialAction\":[{\"@type\":\"ReadAction\",\"target\":[\"https:\\\/\\\/www.wcbidety2v1.cz\\\/index.php\\\/2020\\\/05\\\/11\\\/osobni-hygiena\\\/\"]}]},{\"@type\":\"BreadcrumbList\",\"@id\":\"https:\\\/\\\/www.wcbidety2v1.cz\\\/index.php\\\/2020\\\/05\\\/11\\\/osobni-hygiena\\\/#breadcrumb\",\"itemListElement\":[{\"@type\":\"ListItem\",\"position\":1,\"name\":\"Dom\u016f\",\"item\":\"https:\\\/\\\/www.wcbidety2v1.cz\\\/\"},{\"@type\":\"ListItem\",\"position\":2,\"name\":\"OSOBN\u00cd HYGIENA\"}]},{\"@type\":\"WebSite\",\"@id\":\"https:\\\/\\\/www.wcbidety2v1.cz\\\/#website\",\"url\":\"https:\\\/\\\/www.wcbidety2v1.cz\\\/\",\"name\":\"WC bidety 2v1 - WC bidet v jednom - bidetov\u00e1 tryska p\u0159\u00edmo v toalet\u011b\",\"description\":\"WC bidet v jednom, revolu\u010dn\u00ed propojen\u00ed wc a bidetu, bidetov\u00e1 tryska p\u0159\u00edmo v keramick\u00e9m l\u00edmci toalety.\",\"publisher\":{\"@id\":\"https:\\\/\\\/www.wcbidety2v1.cz\\\/#organization\"},\"potentialAction\":[{\"@type\":\"SearchAction\",\"target\":{\"@type\":\"EntryPoint\",\"urlTemplate\":\"https:\\\/\\\/www.wcbidety2v1.cz\\\/?s={search_term_string}\"},\"query-input\":{\"@type\":\"PropertyValueSpecification\",\"valueRequired\":true,\"valueName\":\"search_term_string\"}}],\"inLanguage\":\"cs\"},{\"@type\":\"Organization\",\"@id\":\"https:\\\/\\\/www.wcbidety2v1.cz\\\/#organization\",\"name\":\"ARCHADIE s.r.o.\",\"url\":\"https:\\\/\\\/www.wcbidety2v1.cz\\\/\",\"logo\":{\"@type\":\"ImageObject\",\"inLanguage\":\"cs\",\"@id\":\"https:\\\/\\\/www.wcbidety2v1.cz\\\/#\\\/schema\\\/logo\\\/image\\\/\",\"url\":\"https:\\\/\\\/www.wcbidety2v1.cz\\\/wp-content\\\/uploads\\\/2018\\\/06\\\/logo.png\",\"contentUrl\":\"https:\\\/\\\/www.wcbidety2v1.cz\\\/wp-content\\\/uploads\\\/2018\\\/06\\\/logo.png\",\"width\":140,\"height\":140,\"caption\":\"ARCHADIE s.r.o.\"},\"image\":{\"@id\":\"https:\\\/\\\/www.wcbidety2v1.cz\\\/#\\\/schema\\\/logo\\\/image\\\/\"},\"sameAs\":[\"https:\\\/\\\/www.facebook.com\\\/WC-bidety-2v1-105518807832290\\\/?modal=admin_todo_tour\",\"https:\\\/\\\/www.instagram.com\\\/wc_bidet_2v1\\\/\"]},{\"@type\":\"Person\",\"@id\":\"https:\\\/\\\/www.wcbidety2v1.cz\\\/#\\\/schema\\\/person\\\/e9ebc6eac57c81aca9a5ad4aaf727e0f\",\"name\":\"wcbidety2v\"}]}<\/script>\n<!-- \/ Yoast SEO plugin. -->","yoast_head_json":{"title":"OSOBN\u00cd HYGIENA - WC bidety 2v1","robots":{"index":"index","follow":"follow","max-snippet":"max-snippet:-1","max-image-preview":"max-image-preview:large","max-video-preview":"max-video-preview:-1"},"canonical":"https:\/\/www.wcbidety2v1.cz\/index.php\/2020\/05\/11\/osobni-hygiena\/","og_locale":"cs_CZ","og_type":"article","og_title":"OSOBN\u00cd HYGIENA - WC bidety 2v1","og_description":"Na\u0161\u00edm kr\u00e9dem je zv\u00fd\u0161en\u00ed \u00farovn\u011b osobn\u00ed hygieny. \u00a0 Nebo\u0165 mnoho z n\u00e1s \u017eije v bytech \u010di domech, kde je mal\u00e1 koupelna, nen\u00ed podstatn\u00e9 zda t\u00edm domem je panel\u00e1k, bytovka nebo i rodinn\u00fd d\u016fm\u2026 kolem 70% lid\u00ed v \u010cesk\u00e9 republice nem\u00e1 ve st\u00e1vaj\u00edc\u00edm byt\u011b m\u00edsto pro bidet. Mnoh\u00fdm z n\u00e1s tak n\u011bjak ani nechyb\u00ed, nebo\u0165 jsme [&hellip;]","og_url":"https:\/\/www.wcbidety2v1.cz\/index.php\/2020\/05\/11\/osobni-hygiena\/","og_site_name":"WC bidety 2v1","article_publisher":"https:\/\/www.facebook.com\/WC-bidety-2v1-105518807832290\/?modal=admin_todo_tour","article_published_time":"2020-05-11T17:51:40+00:00","article_modified_time":"2020-05-11T17:59:47+00:00","author":"wcbidety2v","twitter_card":"summary_large_image","twitter_misc":{"Napsal(a)":"wcbidety2v","Odhadovan\u00e1 doba \u010dten\u00ed":"5 minut"},"schema":{"@context":"https:\/\/schema.org","@graph":[{"@type":"Article","@id":"https:\/\/www.wcbidety2v1.cz\/index.php\/2020\/05\/11\/osobni-hygiena\/#article","isPartOf":{"@id":"https:\/\/www.wcbidety2v1.cz\/index.php\/2020\/05\/11\/osobni-hygiena\/"},"author":{"name":"wcbidety2v","@id":"https:\/\/www.wcbidety2v1.cz\/#\/schema\/person\/e9ebc6eac57c81aca9a5ad4aaf727e0f"},"headline":"OSOBN\u00cd HYGIENA","datePublished":"2020-05-11T17:51:40+00:00","dateModified":"2020-05-11T17:59:47+00:00","mainEntityOfPage":{"@id":"https:\/\/www.wcbidety2v1.cz\/index.php\/2020\/05\/11\/osobni-hygiena\/"},"wordCount":1091,"commentCount":0,"publisher":{"@id":"https:\/\/www.wcbidety2v1.cz\/#organization"},"articleSection":["Blog"],"inLanguage":"cs","potentialAction":[{"@type":"CommentAction","name":"Comment","target":["https:\/\/www.wcbidety2v1.cz\/index.php\/2020\/05\/11\/osobni-hygiena\/#respond"]}]},{"@type":"WebPage","@id":"https:\/\/www.wcbidety2v1.cz\/index.php\/2020\/05\/11\/osobni-hygiena\/","url":"https:\/\/www.wcbidety2v1.cz\/index.php\/2020\/05\/11\/osobni-hygiena\/","name":"OSOBN\u00cd HYGIENA - WC bidety 2v1","isPartOf":{"@id":"https:\/\/www.wcbidety2v1.cz\/#website"},"datePublished":"2020-05-11T17:51:40+00:00","dateModified":"2020-05-11T17:59:47+00:00","breadcrumb":{"@id":"https:\/\/www.wcbidety2v1.cz\/index.php\/2020\/05\/11\/osobni-hygiena\/#breadcrumb"},"inLanguage":"cs","potentialAction":[{"@type":"ReadAction","target":["https:\/\/www.wcbidety2v1.cz\/index.php\/2020\/05\/11\/osobni-hygiena\/"]}]},{"@type":"BreadcrumbList","@id":"https:\/\/www.wcbidety2v1.cz\/index.php\/2020\/05\/11\/osobni-hygiena\/#breadcrumb","itemListElement":[{"@type":"ListItem","position":1,"name":"Dom\u016f","item":"https:\/\/www.wcbidety2v1.cz\/"},{"@type":"ListItem","position":2,"name":"OSOBN\u00cd HYGIENA"}]},{"@type":"WebSite","@id":"https:\/\/www.wcbidety2v1.cz\/#website","url":"https:\/\/www.wcbidety2v1.cz\/","name":"WC bidety 2v1 - WC bidet v jednom - bidetov\u00e1 tryska p\u0159\u00edmo v toalet\u011b","description":"WC bidet v jednom, revolu\u010dn\u00ed propojen\u00ed wc a bidetu, bidetov\u00e1 tryska p\u0159\u00edmo v keramick\u00e9m l\u00edmci toalety.","publisher":{"@id":"https:\/\/www.wcbidety2v1.cz\/#organization"},"potentialAction":[{"@type":"SearchAction","target":{"@type":"EntryPoint","urlTemplate":"https:\/\/www.wcbidety2v1.cz\/?s={search_term_string}"},"query-input":{"@type":"PropertyValueSpecification","valueRequired":true,"valueName":"search_term_string"}}],"inLanguage":"cs"},{"@type":"Organization","@id":"https:\/\/www.wcbidety2v1.cz\/#organization","name":"ARCHADIE s.r.o.","url":"https:\/\/www.wcbidety2v1.cz\/","logo":{"@type":"ImageObject","inLanguage":"cs","@id":"https:\/\/www.wcbidety2v1.cz\/#\/schema\/logo\/image\/","url":"https:\/\/www.wcbidety2v1.cz\/wp-content\/uploads\/2018\/06\/logo.png","contentUrl":"https:\/\/www.wcbidety2v1.cz\/wp-content\/uploads\/2018\/06\/logo.png","width":140,"height":140,"caption":"ARCHADIE s.r.o."},"image":{"@id":"https:\/\/www.wcbidety2v1.cz\/#\/schema\/logo\/image\/"},"sameAs":["https:\/\/www.facebook.com\/WC-bidety-2v1-105518807832290\/?modal=admin_todo_tour","https:\/\/www.instagram.com\/wc_bidet_2v1\/"]},{"@type":"Person","@id":"https:\/\/www.wcbidety2v1.cz\/#\/schema\/person\/e9ebc6eac57c81aca9a5ad4aaf727e0f","name":"wcbidety2v"}]}},"jetpack_publicize_connections":[],"jetpack_featured_media_url":"","jetpack_sharing_enabled":true,"jetpack_shortlink":"https:\/\/wp.me\/p9Ptim-Ce","_links":{"self":[{"href":"https:\/\/www.wcbidety2v1.cz\/index.php\/wp-json\/wp\/v2\/posts\/2370","targetHints":{"allow":["GET"]}}],"collection":[{"href":"https:\/\/www.wcbidety2v1.cz\/index.php\/wp-json\/wp\/v2\/posts"}],"about":[{"href":"https:\/\/www.wcbidety2v1.cz\/index.php\/wp-json\/wp\/v2\/types\/post"}],"author":[{"embeddable":true,"href":"https:\/\/www.wcbidety2v1.cz\/index.php\/wp-json\/wp\/v2\/users\/1"}],"replies":[{"embeddable":true,"href":"https:\/\/www.wcbidety2v1.cz\/index.php\/wp-json\/wp\/v2\/comments?post=2370"}],"version-history":[{"count":3,"href":"https:\/\/www.wcbidety2v1.cz\/index.php\/wp-json\/wp\/v2\/posts\/2370\/revisions"}],"predecessor-version":[{"id":2374,"href":"https:\/\/www.wcbidety2v1.cz\/index.php\/wp-json\/wp\/v2\/posts\/2370\/revisions\/2374"}],"wp:attachment":[{"href":"https:\/\/www.wcbidety2v1.cz\/index.php\/wp-json\/wp\/v2\/media?parent=2370"}],"wp:term":[{"taxonomy":"category","embeddable":true,"href":"https:\/\/www.wcbidety2v1.cz\/index.php\/wp-json\/wp\/v2\/categories?post=2370"},{"taxonomy":"post_tag","embeddable":true,"href":"https:\/\/www.wcbidety2v1.cz\/index.php\/wp-json\/wp\/v2\/tags?post=2370"}],"curies":[{"name":"wp","href":"https:\/\/api.w.org\/{rel}","templated":true}]}}